{"id":156,"date":"2024-02-13T12:51:23","date_gmt":"2024-02-13T09:51:23","guid":{"rendered":"https:\/\/www.crabsmedia.com.tr\/mc_myliba\/?p=156"},"modified":"2025-03-18T17:16:10","modified_gmt":"2025-03-18T14:16:10","slug":"is-ve-ozel-hayat-dengesi-degil-isin-hayata-entegrasyonu","status":"publish","type":"post","link":"https:\/\/myliba.com\/tr\/is-ve-ozel-hayat-dengesi-degil-isin-hayata-entegrasyonu\/","title":{"rendered":"\u0130\u015fin Hayata Entegrasyonu: OKR ve CFR ile Esnek \u00c7al\u0131\u015fma K\u00fclt\u00fcr\u00fc"},"content":{"rendered":"<p data-pm-slice=\"1 1 []\">Bir zamanlar i\u015fsiz kalmak ciddi bir travma olarak g\u00f6r\u00fcl\u00fcrd\u00fc. Bug\u00fcn ise profesyoneller, yeni bir yetkinlik kazanmak, farkl\u0131 bir kariyer yoluna girmek veya kendi hayallerini takip etmek i\u00e7in istifa etmeyi daha s\u0131k tercih ediyor. Peki, hem hayallerimizi ger\u00e7ekle\u015ftirdi\u011fimiz hem de keyifle \u00e7al\u0131\u015ft\u0131\u011f\u0131m\u0131z bir i\u015f bulmak ve s\u00fcrekli geli\u015fim g\u00f6stermek m\u00fcmk\u00fcn m\u00fc?<\/p>\n<p data-pm-slice=\"1 1 []\">\u0130\u015fte bu, geleneksel &#8221;\u0130\u015f ve \u00d6zel Hayat Dengesi&#8221; kavram\u0131n\u0131n \u00f6tesinde, &#8221;<strong>\u0130\u015fin Hayata Entegrasyonu&#8221;<\/strong> fikriyle m\u00fcmk\u00fcn olabilir. Bu yaz\u0131da, <strong>i\u015fin hayata entegrasyonu<\/strong>, <strong>OKR (Hedef ve Anahtar Sonu\u00e7lar)<\/strong> ve <strong>CFR (S\u00fcrekli Geri Bildirim, \u0130leri Besleme ve Tan\u0131ma)<\/strong> gibi modern y\u00f6ntemlerle nas\u0131l sa\u011flanabilece\u011fini ele alaca\u011f\u0131z.<\/p>\n<h3>Ger\u00e7ek Ya\u015fam Dengesi: \u0130\u015fin Hayata Entegrasyonu<\/h3>\n<p data-pm-slice=\"1 1 []\">Ara\u015ft\u0131rmalar, gen\u00e7 profesyonellerin geleneksel kariyer modellerine giderek daha az inand\u0131\u011f\u0131n\u0131 g\u00f6steriyor. Hayallerini ger\u00e7ekle\u015ftirme konusunda kararl\u0131 olanlar ya proje bazl\u0131 birden fazla i\u015fte \u00e7al\u0131\u015fmay\u0131 se\u00e7iyor ya da kendi i\u015flerini kuruyor.<\/p>\n<p data-pm-slice=\"1 1 []\"><strong>Ger\u00e7ekte, hayat\u0131n t\u00fcm alanlar\u0131n\u0131 kapsayan bir b\u00fct\u00fcnsellik s\u00f6z konusu. <\/strong>Aile, arkada\u015flar, kendi geli\u015fiminiz, ruhsal ve fiziksel sa\u011fl\u0131\u011f\u0131n\u0131z\u2026Bu nedenle, i\u015f hayat\u0131m\u0131z\u0131 \u00f6zel hayat\u0131m\u0131zdan ayr\u0131 tutmak yerine, onu ya\u015fam\u0131m\u0131z\u0131n bir par\u00e7as\u0131 olarak g\u00f6rmek ve entegre etmek daha s\u00fcrd\u00fcr\u00fclebilir bir yakla\u015f\u0131m sunuyor.<\/p>\n<p data-pm-slice=\"1 1 []\">Bu anlamda<em><strong> &#8220;\u0130\u015f ve \u00f6zel hayat dengesi&#8221; kavram\u0131 yerine &#8220;i\u015fin hayata entegrasyonu&#8221; kavram\u0131n\u0131 benimsemek daha s\u00fcrd\u00fcr\u00fclebilir bir kariyer yakla\u015f\u0131m\u0131 sunuyor.<\/strong><\/em><\/p>\n<h3>Geleneksel Sorular Yerine Anlaml\u0131 Sorular<\/h3>\n<p data-pm-slice=\"1 1 []\">Geleneksel i\u015f modelleri genellikle &#8220;<em>Ka\u00e7 saat \u00e7al\u0131\u015ft\u0131n<\/em>?&#8221;, &#8220;<em>Nereden \u00e7al\u0131\u015ft\u0131n<\/em>?&#8221; veya &#8220;<em>KPI&#8217;lar\u0131n ne<\/em>?&#8221; gibi sorular \u00fczerinden ilerliyor. Ancak gelece\u011fin \u00e7al\u0131\u015fma d\u00fczeni bu kat\u0131 kurallar\u0131 reddediyor ve \u015fu sorular\u0131 \u00f6ne \u00e7\u0131kar\u0131yor:<\/p>\n<ul data-spread=\"false\">\n<li>Hangi <strong>OKR<\/strong>&#8216;ye odakland\u0131n?<\/li>\n<li>Hedeflerin i\u00e7in hangi <strong>ilerlemeleri<\/strong> kaydettin?<\/li>\n<li>Nas\u0131l <strong>anlaml\u0131 sonu\u00e7lar<\/strong> elde ettin?<\/li>\n<\/ul>\n<p>E\u011fer i\u015finiz fiziki mevcudiyet gerektirmiyorsa, \u00e7al\u0131\u015fma saatleri ve \u00e7al\u0131\u015fma yeri \u00f6nemli de\u011fildir. Bu, i\u015f ve \u00f6zel hayat\u0131 dengelemekle ilgili de\u011fil, <strong>i\u015fi esnek bir \u015fekilde hayata entegre etmekle<\/strong> ilgilidir. Birden fazla \u015firketle veya tek bir \u015firketle \u00e7al\u0131\u015f\u0131n, fark etmez. \u00d6nemli olan, <strong>net OKR\u2019ler<\/strong> ile potansiyelinizi geli\u015ftirecek hedefler belirlemenize izin veren bir k\u00fclt\u00fcrde \u00e7al\u0131\u015fmakt\u0131r.<\/p>\n<h3>OKR ve CFR: \u0130\u015fin Hayata Entegrasyonunu Sa\u011flayan Ara\u00e7lar<\/h3>\n<p><strong>OKR (Hedef ve Anahtar Sonu\u00e7lar)<\/strong> ve <strong>CFR (S\u00fcrekli Geri Bildirim, \u0130leri Besleme ve Tan\u0131ma)<\/strong>, i\u015fin hayata entegrasyonunu sa\u011flayan g\u00fc\u00e7l\u00fc ara\u00e7lard\u0131r. Bu ara\u00e7lar, \u00e7al\u0131\u015fanlar\u0131n kendi hedeflerini belirlemelerine, ilerlemelerini takip etmelerine ve anlaml\u0131 sonu\u00e7lara ula\u015fmalar\u0131na olanak tan\u0131r.<\/p>\n<ul>\n<li><strong>OKR\u2019ler<\/strong>, \u00e7al\u0131\u015fanlar\u0131n net ve ula\u015f\u0131labilir hedefler belirlemesini sa\u011flar.<\/li>\n<li><strong>CFR<\/strong> ise s\u00fcrekli diyalog, tan\u0131ma, geribildirim ve ileri bildirim s\u00fcre\u00e7leriyle motivasyonu art\u0131r\u0131r.<\/li>\n<\/ul>\n<p>E\u011fer b\u00f6yle bir k\u00fclt\u00fcrde \u00e7al\u0131\u015fmay\u0131 hayal ediyorsan\u0131z, <a href=\"https:\/\/myliba.com\/tr\/urunlerimiz\/\"><strong>Myliba<\/strong><\/a> tam size g\u00f6re! Myliba, OKR ve CFR s\u00fcre\u00e7lerini y\u00f6netmenize yard\u0131mc\u0131 olan bir yaz\u0131l\u0131m olarak, i\u015finizi hayat\u0131n\u0131za entegre etmenizi sa\u011flar. Myliba ile:<\/p>\n<ul>\n<li><strong>Net hedefler<\/strong> belirleyebilir,<\/li>\n<li><strong>\u0130lerlemenizi<\/strong> \u015feffaf bir \u015fekilde takip edebilir,<\/li>\n<li><strong>Anlaml\u0131 geri bildirimler<\/strong> alarak kendinizi s\u00fcrekli geli\u015ftirebilirsiniz.<\/li>\n<\/ul>\n<p>Di\u011fer yaz\u0131lar\u0131m\u0131za g\u00f6z atmak i\u00e7in<a href=\"https:\/\/myliba.com\/tr\/category\/blog\/\"> t\u0131klay\u0131n!<\/a><\/p>\n","protected":false},"excerpt":{"rendered":"<p>Bir zamanlar i\u015fsiz kalmak ciddi bir travma olarak g\u00f6r\u00fcl\u00fcrd\u00fc. Bug\u00fcn ise profesyoneller, yeni bir yetkinlik kazanmak, farkl\u0131 bir kariyer yoluna girmek veya kendi hayallerini takip etmek i\u00e7in istifa etmeyi daha [&hellip;]<\/p>\n","protected":false},"author":1,"featured_media":157,"comment_status":"open","ping_status":"open","sticky":false,"template":"","format":"standard","meta":{"_price":"","_stock":"","_tribe_ticket_header":"","_tribe_default_ticket_provider":"","_ticket_start_date":"","_ticket_end_date":"","_tribe_ticket_show_description":"","_tribe_ticket_show_not_going":false,"_tribe_ticket_use_global_stock":"","_tribe_ticket_global_stock_level":"","_global_stock_mode":"","_global_stock_cap":"","_tribe_rsvp_for_event":"","_tribe_ticket_going_count":"","_tribe_ticket_not_going_count":"","_tribe_tickets_list":"[]","_tribe_ticket_has_attendee_info_fields":false,"footnotes":""},"categories":[4],"tags":[13,15,17,7,16],"class_list":["post-156","post","type-post","status-publish","format-standard","has-post-thumbnail","hentry","category-blog","tag-cfr","tag-esnek-calisma","tag-is-ve-ozel-yasam-dengesi","tag-okr","tag-verimli-calisma"],"_links":{"self":[{"href":"https:\/\/myliba.com\/tr\/wp-json\/wp\/v2\/posts\/156","targetHints":{"allow":["GET"]}}],"collection":[{"href":"https:\/\/myliba.com\/tr\/wp-json\/wp\/v2\/posts"}],"about":[{"href":"https:\/\/myliba.com\/tr\/wp-json\/wp\/v2\/types\/post"}],"author":[{"embeddable":true,"href":"https:\/\/myliba.com\/tr\/wp-json\/wp\/v2\/users\/1"}],"replies":[{"embeddable":true,"href":"https:\/\/myliba.com\/tr\/wp-json\/wp\/v2\/comments?post=156"}],"version-history":[{"count":4,"href":"https:\/\/myliba.com\/tr\/wp-json\/wp\/v2\/posts\/156\/revisions"}],"predecessor-version":[{"id":387,"href":"https:\/\/myliba.com\/tr\/wp-json\/wp\/v2\/posts\/156\/revisions\/387"}],"wp:featuredmedia":[{"embeddable":true,"href":"https:\/\/myliba.com\/tr\/wp-json\/wp\/v2\/media\/157"}],"wp:attachment":[{"href":"https:\/\/myliba.com\/tr\/wp-json\/wp\/v2\/media?parent=156"}],"wp:term":[{"taxonomy":"category","embeddable":true,"href":"https:\/\/myliba.com\/tr\/wp-json\/wp\/v2\/categories?post=156"},{"taxonomy":"post_tag","embeddable":true,"href":"https:\/\/myliba.com\/tr\/wp-json\/wp\/v2\/tags?post=156"}],"curies":[{"name":"wp","href":"https:\/\/api.w.org\/{rel}","templated":true}]}}